{"id":41,"date":"2024-08-12T10:56:40","date_gmt":"2024-08-12T13:56:40","guid":{"rendered":"https:\/\/radioactual.com.ar\/tierra-del-fuego\/?p=41"},"modified":"2024-08-12T11:20:08","modified_gmt":"2024-08-12T14:20:08","slug":"realizaron-la-tradicional-bajada-de-antorchas-en-el-cerro-martial","status":"publish","type":"post","link":"https:\/\/radioactual.com.ar\/tierra-del-fuego\/sociedad\/eventos\/2024\/08\/12\/realizaron-la-tradicional-bajada-de-antorchas-en-el-cerro-martial\/","title":{"rendered":"Realizaron la tradicional bajada de antorchas en el Cerro Martial"},"content":{"rendered":"\n<p class=\"wp-block-paragraph\">Ushuaia vivi\u00f3 el s\u00e1bado la tradicional bajada de antorchas en el Glaciar Martial donde esquiadores descendieron por la monta\u00f1a, ilumin\u00e1ndolas con las antorchas para reencontrarse con ciento personas que se encontraban en la base del Cerro Martial.<\/p>\n\n\n\n<p class=\"wp-block-paragraph\">Este a\u00f1o, se sumaron m\u00e1s actividades que acompa\u00f1aron el evento y la puesta en funcionamiento de las instalaciones de la empresa \u00abCerro Martial Parque Fin del Mundo\u00bb.&nbsp;<\/p>\n\n\n\n<p class=\"wp-block-paragraph\">La Municipalidad de Ushuaia colabor\u00f3 en la tradicional Bajada con Antorchas que se realiz\u00f3 este \u00faltimo s\u00e1bado en el Cerro Martial. Durante el evento, la titular de la Secretar\u00eda de Turismo, Viviana Manfredotti, en representaci\u00f3n del intendente Walter Vuoto entreg\u00f3 a Alejandro Affonso, representante del concesionario a cargo, la declaraci\u00f3n de Inter\u00e9s Municipal y Tur\u00edstico a la \u201cBajada con antorchas en el Cerro Martial Parque Fin del Mundo\u201d.<\/p>\n\n\n\n<figure class=\"wp-block-image aligncenter size-large\"><img fetchpriority=\"high\" decoding=\"async\" width=\"594\" height=\"1024\" data-src=\"https:\/\/radioactual.com.ar\/tierra-del-fuego\/wp-content\/uploads\/sites\/7\/2024\/08\/bajada_antorchas_martial-594x1024.jpg\" src=\"data:image\/gif;base64,R0lGODlhAQABAIAAAAAAAP\/\/\/yH5BAEAAAAALAAAAAABAAEAAAIBRAA7\" alt=\"\" class=\"wp-image-42 lazyload\"\/><noscript><img decoding=\"async\" width=\"594\" height=\"1024\" src=\"https:\/\/radioactual.com.ar\/tierra-del-fuego\/wp-content\/uploads\/sites\/7\/2024\/08\/bajada_antorchas_martial-594x1024.jpg\" alt=\"\" class=\"wp-image-42\" srcset=\"https:\/\/radioactual.com.ar\/tierra-del-fuego\/wp-content\/uploads\/sites\/7\/2024\/08\/bajada_antorchas_martial-594x1024.jpg 594w, https:\/\/radioactual.com.ar\/tierra-del-fuego\/wp-content\/uploads\/sites\/7\/2024\/08\/bajada_antorchas_martial-174x300.jpg 174w, https:\/\/radioactual.com.ar\/tierra-del-fuego\/wp-content\/uploads\/sites\/7\/2024\/08\/bajada_antorchas_martial.jpg 742w\" sizes=\"(max-width: 594px) 100vw, 594px\" \/><\/noscript><figcaption class=\"wp-element-caption\">Panor\u00e1mica del cerro Martial durante la bajada.<\/figcaption><\/figure>\n\n\n\n<p class=\"wp-block-paragraph\">Manfredotti, manifest\u00f3 que \u201ceste evento para la ciudad es \u00fanico\u201d y destac\u00f3 que \u201ces muy importante la inversi\u00f3n que lleva adelante la empresa\u201d. Asimismo expres\u00f3 que \u201ceste centro de monta\u00f1a, donde se puede realizar una variedad y diversidad de actividades al aire libre y en contacto con la naturaleza fueguina, es muy valioso tanto para los residentes como aquellas personas que visitan el destino tur\u00edstico\u201d.<\/p>\n\n\n\n<p class=\"wp-block-paragraph\">Cabe destacar que en el evento participaron m\u00e1s de sesenta esquiadores residentes y extranjeros, quienes descendieron por las laderas nevadas del cerro con antorchas, ofreciendo un espect\u00e1culo de luces, siendo una fiesta para los espectadores. Adem\u00e1s, el evento se enmarca, cada a\u00f1o, en conmemoraci\u00f3n al D\u00eda del Monta\u00f1\u00e9s celebrado cada 5 de agosto, que comenz\u00f3 a desarrollarse en el a\u00f1o 1995.<\/p>\n\n\n\n<p class=\"wp-block-paragraph\">En el desarrollo de la fiesta, la Municipalidad de Ushuaia estuve presente a trav\u00e9s de su stand, y en colaboraci\u00f3n de distintas empresas locales como Destiler\u00eda 3005 Haruwen, carnicer\u00edas Trelew, Frigo Patagonia, La Marmita Take Away, Paseo del Fuego Shopping, y Chocolates Laguna Negra ofreci\u00f3 degustaciones, sorteos y vouchers para los y las residentes y turistas.<\/p>\n\n\n\n<p class=\"wp-block-paragraph\">Manfredotti, manifest\u00f3 su agradecimiento a las Direcciones de Tr\u00e1nsito, de Transporte y Defensa Civil Municipal por el acompa\u00f1amiento y el trabajo desarrollado durante toda la jornada en labores de log\u00edstica, organizaci\u00f3n y prevenci\u00f3n.<\/p>\n\n\n\n<figure class=\"wp-block-image size-large\"><img decoding=\"async\" width=\"1024\" height=\"683\" data-src=\"https:\/\/radioactual.com.ar\/tierra-del-fuego\/wp-content\/uploads\/sites\/7\/2024\/08\/Manfredotti-1024x683.jpg\" src=\"data:image\/gif;base64,R0lGODlhAQABAIAAAAAAAP\/\/\/yH5BAEAAAAALAAAAAABAAEAAAIBRAA7\" alt=\"\" class=\"wp-image-43 lazyload\"\/><noscript><img loading=\"lazy\" decoding=\"async\" width=\"1024\" height=\"683\" src=\"https:\/\/radioactual.com.ar\/tierra-del-fuego\/wp-content\/uploads\/sites\/7\/2024\/08\/Manfredotti-1024x683.jpg\" alt=\"\" class=\"wp-image-43\" srcset=\"https:\/\/radioactual.com.ar\/tierra-del-fuego\/wp-content\/uploads\/sites\/7\/2024\/08\/Manfredotti-1024x683.jpg 1024w, https:\/\/radioactual.com.ar\/tierra-del-fuego\/wp-content\/uploads\/sites\/7\/2024\/08\/Manfredotti-300x200.jpg 300w, https:\/\/radioactual.com.ar\/tierra-del-fuego\/wp-content\/uploads\/sites\/7\/2024\/08\/Manfredotti-768x512.jpg 768w, https:\/\/radioactual.com.ar\/tierra-del-fuego\/wp-content\/uploads\/sites\/7\/2024\/08\/Manfredotti.jpg 1280w\" sizes=\"(max-width: 1024px) 100vw, 1024px\" \/><\/noscript><\/figure>\n\n\n\n<p class=\"wp-block-paragraph\">En esta l\u00ednea, la funcionaria valor\u00f3 que \u201ccomenzaron sus labores a las 9 de la ma\u00f1ana y hasta las 21 hs, ya que el evento requiri\u00f3 de una log\u00edstica planificada teniendo en cuenta las caracter\u00edsticas del lugar y la cantidad de gente prevista. El personal municipal realiz\u00f3 un gran trabajo organizando y agilizando el movimiento vehicular, y as\u00ed evitar complicaciones\u201d.<\/p>\n\n\n\n<p class=\"wp-block-paragraph\">Estuvieron presentes en el evento el jefe de Gabinete, Sebasti\u00e1n Iriarte acompa\u00f1ado por funcionarios del municipio.<\/p>\n\n\n\n<p class=\"wp-block-paragraph\"><\/p>\n","protected":false},"excerpt":{"rendered":"<p>El evento cont\u00f3 con distintas actividades y fue el broche de oro con la tradicional bajada de antorchas de m\u00e1s de 60 esquiadores locales y extranjeros.<\/p>\n","protected":false},"author":2,"featured_media":44,"comment_status":"open","ping_status":"open","sticky":false,"template":"","format":"standard","meta":{"_monsterinsights_skip_tracking":false,"footnotes":""},"categories":[13],"tags":[20],"class_list":["post-41","post","type-post","status-publish","format-standard","has-post-thumbnail","hentry","category-eventos","tag-ushuaia"],"yoast_head":"<!-- This site is optimized with the Yoast SEO plugin v28.3 - https:\/\/yoast.com\/product\/yoast-seo-wordpress\/ -->\n<title>Realizaron la tradicional bajada de antorchas en el Cerro Martial - Tierra del Fuego Actual<\/title>\n<meta name=\"robots\" content=\"index, follow, max-snippet:-1, max-image-preview:large, max-video-preview:-1\" \/>\n<link rel=\"canonical\" href=\"https:\/\/radioactual.com.ar\/tierra-del-fuego\/sociedad\/eventos\/2024\/08\/12\/realizaron-la-tradicional-bajada-de-antorchas-en-el-cerro-martial\/\" \/>\n<meta property=\"og:locale\" content=\"es_ES\" \/>\n<meta property=\"og:type\" content=\"article\" \/>\n<meta property=\"og:title\" content=\"Realizaron la tradicional bajada de antorchas en el Cerro Martial - Tierra del Fuego Actual\" \/>\n<meta property=\"og:description\" content=\"El evento cont\u00f3 con distintas actividades y fue el broche de oro con la tradicional bajada de antorchas de m\u00e1s de 60 esquiadores locales y extranjeros.\" \/>\n<meta property=\"og:url\" content=\"https:\/\/radioactual.com.ar\/tierra-del-fuego\/sociedad\/eventos\/2024\/08\/12\/realizaron-la-tradicional-bajada-de-antorchas-en-el-cerro-martial\/\" \/>\n<meta property=\"og:site_name\" content=\"Tierra del Fuego Actual\" \/>\n<meta property=\"article:published_time\" content=\"2024-08-12T13:56:40+00:00\" \/>\n<meta property=\"article:modified_time\" content=\"2024-08-12T14:20:08+00:00\" \/>\n<meta property=\"og:image\" content=\"https:\/\/radioactual.com.ar\/tierra-del-fuego\/wp-content\/uploads\/sites\/7\/2024\/08\/bajada_antorchas_martial_base.jpg\" \/>\n\t<meta property=\"og:image:width\" content=\"1280\" \/>\n\t<meta property=\"og:image:height\" content=\"852\" \/>\n\t<meta property=\"og:image:type\" content=\"image\/jpeg\" \/>\n<meta name=\"author\" content=\"Martin\" \/>\n<meta name=\"twitter:card\" content=\"summary_large_image\" \/>\n<meta name=\"twitter:label1\" content=\"Escrito por\" \/>\n\t<meta name=\"twitter:data1\" content=\"Martin\" \/>\n\t<meta name=\"twitter:label2\" content=\"Tiempo de lectura\" \/>\n\t<meta name=\"twitter:data2\" content=\"3 minutos\" \/>\n<script type=\"application\/ld+json\" class=\"yoast-schema-graph\">{\"@context\":\"https:\\\/\\\/schema.org\",\"@graph\":[{\"@type\":\"Article\",\"@id\":\"https:\\\/\\\/radioactual.com.ar\\\/tierra-del-fuego\\\/sociedad\\\/eventos\\\/2024\\\/08\\\/12\\\/realizaron-la-tradicional-bajada-de-antorchas-en-el-cerro-martial\\\/#article\",\"isPartOf\":{\"@id\":\"https:\\\/\\\/radioactual.com.ar\\\/tierra-del-fuego\\\/sociedad\\\/eventos\\\/2024\\\/08\\\/12\\\/realizaron-la-tradicional-bajada-de-antorchas-en-el-cerro-martial\\\/\"},\"author\":{\"name\":\"Martin\",\"@id\":\"https:\\\/\\\/radioactual.com.ar\\\/tierra-del-fuego\\\/#\\\/schema\\\/person\\\/d270f6bdee124c5d705d7dd036b92e92\"},\"headline\":\"Realizaron la tradicional bajada de antorchas en el Cerro Martial\",\"datePublished\":\"2024-08-12T13:56:40+00:00\",\"dateModified\":\"2024-08-12T14:20:08+00:00\",\"mainEntityOfPage\":{\"@id\":\"https:\\\/\\\/radioactual.com.ar\\\/tierra-del-fuego\\\/sociedad\\\/eventos\\\/2024\\\/08\\\/12\\\/realizaron-la-tradicional-bajada-de-antorchas-en-el-cerro-martial\\\/\"},\"wordCount\":475,\"commentCount\":0,\"publisher\":{\"@id\":\"https:\\\/\\\/radioactual.com.ar\\\/tierra-del-fuego\\\/#organization\"},\"image\":{\"@id\":\"https:\\\/\\\/radioactual.com.ar\\\/tierra-del-fuego\\\/sociedad\\\/eventos\\\/2024\\\/08\\\/12\\\/realizaron-la-tradicional-bajada-de-antorchas-en-el-cerro-martial\\\/#primaryimage\"},\"thumbnailUrl\":\"https:\\\/\\\/radioactual.com.ar\\\/tierra-del-fuego\\\/wp-content\\\/uploads\\\/sites\\\/7\\\/2024\\\/08\\\/bajada_antorchas_martial_base.jpg\",\"keywords\":[\"Ushuaia\"],\"articleSection\":[\"Eventos\"],\"inLanguage\":\"es\",\"potentialAction\":[{\"@type\":\"CommentAction\",\"name\":\"Comment\",\"target\":[\"https:\\\/\\\/radioactual.com.ar\\\/tierra-del-fuego\\\/sociedad\\\/eventos\\\/2024\\\/08\\\/12\\\/realizaron-la-tradicional-bajada-de-antorchas-en-el-cerro-martial\\\/#respond\"]}]},{\"@type\":\"WebPage\",\"@id\":\"https:\\\/\\\/radioactual.com.ar\\\/tierra-del-fuego\\\/sociedad\\\/eventos\\\/2024\\\/08\\\/12\\\/realizaron-la-tradicional-bajada-de-antorchas-en-el-cerro-martial\\\/\",\"url\":\"https:\\\/\\\/radioactual.com.ar\\\/tierra-del-fuego\\\/sociedad\\\/eventos\\\/2024\\\/08\\\/12\\\/realizaron-la-tradicional-bajada-de-antorchas-en-el-cerro-martial\\\/\",\"name\":\"Realizaron la tradicional bajada de antorchas en el Cerro Martial - Tierra del Fuego Actual\",\"isPartOf\":{\"@id\":\"https:\\\/\\\/radioactual.com.ar\\\/tierra-del-fuego\\\/#website\"},\"primaryImageOfPage\":{\"@id\":\"https:\\\/\\\/radioactual.com.ar\\\/tierra-del-fuego\\\/sociedad\\\/eventos\\\/2024\\\/08\\\/12\\\/realizaron-la-tradicional-bajada-de-antorchas-en-el-cerro-martial\\\/#primaryimage\"},\"image\":{\"@id\":\"https:\\\/\\\/radioactual.com.ar\\\/tierra-del-fuego\\\/sociedad\\\/eventos\\\/2024\\\/08\\\/12\\\/realizaron-la-tradicional-bajada-de-antorchas-en-el-cerro-martial\\\/#primaryimage\"},\"thumbnailUrl\":\"https:\\\/\\\/radioactual.com.ar\\\/tierra-del-fuego\\\/wp-content\\\/uploads\\\/sites\\\/7\\\/2024\\\/08\\\/bajada_antorchas_martial_base.jpg\",\"datePublished\":\"2024-08-12T13:56:40+00:00\",\"dateModified\":\"2024-08-12T14:20:08+00:00\",\"breadcrumb\":{\"@id\":\"https:\\\/\\\/radioactual.com.ar\\\/tierra-del-fuego\\\/sociedad\\\/eventos\\\/2024\\\/08\\\/12\\\/realizaron-la-tradicional-bajada-de-antorchas-en-el-cerro-martial\\\/#breadcrumb\"},\"inLanguage\":\"es\",\"potentialAction\":[{\"@type\":\"ReadAction\",\"target\":[\"https:\\\/\\\/radioactual.com.ar\\\/tierra-del-fuego\\\/sociedad\\\/eventos\\\/2024\\\/08\\\/12\\\/realizaron-la-tradicional-bajada-de-antorchas-en-el-cerro-martial\\\/\"]}]},{\"@type\":\"ImageObject\",\"inLanguage\":\"es\",\"@id\":\"https:\\\/\\\/radioactual.com.ar\\\/tierra-del-fuego\\\/sociedad\\\/eventos\\\/2024\\\/08\\\/12\\\/realizaron-la-tradicional-bajada-de-antorchas-en-el-cerro-martial\\\/#primaryimage\",\"url\":\"https:\\\/\\\/radioactual.com.ar\\\/tierra-del-fuego\\\/wp-content\\\/uploads\\\/sites\\\/7\\\/2024\\\/08\\\/bajada_antorchas_martial_base.jpg\",\"contentUrl\":\"https:\\\/\\\/radioactual.com.ar\\\/tierra-del-fuego\\\/wp-content\\\/uploads\\\/sites\\\/7\\\/2024\\\/08\\\/bajada_antorchas_martial_base.jpg\",\"width\":1280,\"height\":852},{\"@type\":\"BreadcrumbList\",\"@id\":\"https:\\\/\\\/radioactual.com.ar\\\/tierra-del-fuego\\\/sociedad\\\/eventos\\\/2024\\\/08\\\/12\\\/realizaron-la-tradicional-bajada-de-antorchas-en-el-cerro-martial\\\/#breadcrumb\",\"itemListElement\":[{\"@type\":\"ListItem\",\"position\":1,\"name\":\"Portada\",\"item\":\"https:\\\/\\\/radioactual.com.ar\\\/tierra-del-fuego\\\/\"},{\"@type\":\"ListItem\",\"position\":2,\"name\":\"Realizaron la tradicional bajada de antorchas en el Cerro Martial\"}]},{\"@type\":\"WebSite\",\"@id\":\"https:\\\/\\\/radioactual.com.ar\\\/tierra-del-fuego\\\/#website\",\"url\":\"https:\\\/\\\/radioactual.com.ar\\\/tierra-del-fuego\\\/\",\"name\":\"Tierra del Fuego Actual\",\"description\":\"\",\"publisher\":{\"@id\":\"https:\\\/\\\/radioactual.com.ar\\\/tierra-del-fuego\\\/#organization\"},\"potentialAction\":[{\"@type\":\"SearchAction\",\"target\":{\"@type\":\"EntryPoint\",\"urlTemplate\":\"https:\\\/\\\/radioactual.com.ar\\\/tierra-del-fuego\\\/?s={search_term_string}\"},\"query-input\":{\"@type\":\"PropertyValueSpecification\",\"valueRequired\":true,\"valueName\":\"search_term_string\"}}],\"inLanguage\":\"es\"},{\"@type\":\"Organization\",\"@id\":\"https:\\\/\\\/radioactual.com.ar\\\/tierra-del-fuego\\\/#organization\",\"name\":\"Tierra del Fuego Actual\",\"url\":\"https:\\\/\\\/radioactual.com.ar\\\/tierra-del-fuego\\\/\",\"logo\":{\"@type\":\"ImageObject\",\"inLanguage\":\"es\",\"@id\":\"https:\\\/\\\/radioactual.com.ar\\\/tierra-del-fuego\\\/#\\\/schema\\\/logo\\\/image\\\/\",\"url\":\"https:\\\/\\\/radioactual.com.ar\\\/tierra-del-fuego\\\/wp-content\\\/uploads\\\/sites\\\/7\\\/2024\\\/09\\\/banner_ACTUAL_web.png\",\"contentUrl\":\"https:\\\/\\\/radioactual.com.ar\\\/tierra-del-fuego\\\/wp-content\\\/uploads\\\/sites\\\/7\\\/2024\\\/09\\\/banner_ACTUAL_web.png\",\"width\":2624,\"height\":670,\"caption\":\"Tierra del Fuego Actual\"},\"image\":{\"@id\":\"https:\\\/\\\/radioactual.com.ar\\\/tierra-del-fuego\\\/#\\\/schema\\\/logo\\\/image\\\/\"}},{\"@type\":\"Person\",\"@id\":\"https:\\\/\\\/radioactual.com.ar\\\/tierra-del-fuego\\\/#\\\/schema\\\/person\\\/d270f6bdee124c5d705d7dd036b92e92\",\"name\":\"Martin\",\"image\":{\"@type\":\"ImageObject\",\"inLanguage\":\"es\",\"@id\":\"https:\\\/\\\/secure.gravatar.com\\\/avatar\\\/64f9895c4b4ec2008fc7278109af8996bfeac3396d0738e44bad6c2bc0943989?s=96&d=mm&r=g\",\"url\":\"https:\\\/\\\/secure.gravatar.com\\\/avatar\\\/64f9895c4b4ec2008fc7278109af8996bfeac3396d0738e44bad6c2bc0943989?s=96&d=mm&r=g\",\"contentUrl\":\"https:\\\/\\\/secure.gravatar.com\\\/avatar\\\/64f9895c4b4ec2008fc7278109af8996bfeac3396d0738e44bad6c2bc0943989?s=96&d=mm&r=g\",\"caption\":\"Martin\"},\"url\":\"https:\\\/\\\/radioactual.com.ar\\\/tierra-del-fuego\\\/author\\\/martinh\\\/\"}]}<\/script>\n<!-- \/ Yoast SEO plugin. -->","yoast_head_json":{"title":"Realizaron la tradicional bajada de antorchas en el Cerro Martial - Tierra del Fuego Actual","robots":{"index":"index","follow":"follow","max-snippet":"max-snippet:-1","max-image-preview":"max-image-preview:large","max-video-preview":"max-video-preview:-1"},"canonical":"https:\/\/radioactual.com.ar\/tierra-del-fuego\/sociedad\/eventos\/2024\/08\/12\/realizaron-la-tradicional-bajada-de-antorchas-en-el-cerro-martial\/","og_locale":"es_ES","og_type":"article","og_title":"Realizaron la tradicional bajada de antorchas en el Cerro Martial - Tierra del Fuego Actual","og_description":"El evento cont\u00f3 con distintas actividades y fue el broche de oro con la tradicional bajada de antorchas de m\u00e1s de 60 esquiadores locales y extranjeros.","og_url":"https:\/\/radioactual.com.ar\/tierra-del-fuego\/sociedad\/eventos\/2024\/08\/12\/realizaron-la-tradicional-bajada-de-antorchas-en-el-cerro-martial\/","og_site_name":"Tierra del Fuego Actual","article_published_time":"2024-08-12T13:56:40+00:00","article_modified_time":"2024-08-12T14:20:08+00:00","og_image":[{"width":1280,"height":852,"url":"https:\/\/radioactual.com.ar\/tierra-del-fuego\/wp-content\/uploads\/sites\/7\/2024\/08\/bajada_antorchas_martial_base.jpg","type":"image\/jpeg"}],"author":"Martin","twitter_card":"summary_large_image","twitter_misc":{"Escrito por":"Martin","Tiempo de lectura":"3 minutos"},"schema":{"@context":"https:\/\/schema.org","@graph":[{"@type":"Article","@id":"https:\/\/radioactual.com.ar\/tierra-del-fuego\/sociedad\/eventos\/2024\/08\/12\/realizaron-la-tradicional-bajada-de-antorchas-en-el-cerro-martial\/#article","isPartOf":{"@id":"https:\/\/radioactual.com.ar\/tierra-del-fuego\/sociedad\/eventos\/2024\/08\/12\/realizaron-la-tradicional-bajada-de-antorchas-en-el-cerro-martial\/"},"author":{"name":"Martin","@id":"https:\/\/radioactual.com.ar\/tierra-del-fuego\/#\/schema\/person\/d270f6bdee124c5d705d7dd036b92e92"},"headline":"Realizaron la tradicional bajada de antorchas en el Cerro Martial","datePublished":"2024-08-12T13:56:40+00:00","dateModified":"2024-08-12T14:20:08+00:00","mainEntityOfPage":{"@id":"https:\/\/radioactual.com.ar\/tierra-del-fuego\/sociedad\/eventos\/2024\/08\/12\/realizaron-la-tradicional-bajada-de-antorchas-en-el-cerro-martial\/"},"wordCount":475,"commentCount":0,"publisher":{"@id":"https:\/\/radioactual.com.ar\/tierra-del-fuego\/#organization"},"image":{"@id":"https:\/\/radioactual.com.ar\/tierra-del-fuego\/sociedad\/eventos\/2024\/08\/12\/realizaron-la-tradicional-bajada-de-antorchas-en-el-cerro-martial\/#primaryimage"},"thumbnailUrl":"https:\/\/radioactual.com.ar\/tierra-del-fuego\/wp-content\/uploads\/sites\/7\/2024\/08\/bajada_antorchas_martial_base.jpg","keywords":["Ushuaia"],"articleSection":["Eventos"],"inLanguage":"es","potentialAction":[{"@type":"CommentAction","name":"Comment","target":["https:\/\/radioactual.com.ar\/tierra-del-fuego\/sociedad\/eventos\/2024\/08\/12\/realizaron-la-tradicional-bajada-de-antorchas-en-el-cerro-martial\/#respond"]}]},{"@type":"WebPage","@id":"https:\/\/radioactual.com.ar\/tierra-del-fuego\/sociedad\/eventos\/2024\/08\/12\/realizaron-la-tradicional-bajada-de-antorchas-en-el-cerro-martial\/","url":"https:\/\/radioactual.com.ar\/tierra-del-fuego\/sociedad\/eventos\/2024\/08\/12\/realizaron-la-tradicional-bajada-de-antorchas-en-el-cerro-martial\/","name":"Realizaron la tradicional bajada de antorchas en el Cerro Martial - Tierra del Fuego Actual","isPartOf":{"@id":"https:\/\/radioactual.com.ar\/tierra-del-fuego\/#website"},"primaryImageOfPage":{"@id":"https:\/\/radioactual.com.ar\/tierra-del-fuego\/sociedad\/eventos\/2024\/08\/12\/realizaron-la-tradicional-bajada-de-antorchas-en-el-cerro-martial\/#primaryimage"},"image":{"@id":"https:\/\/radioactual.com.ar\/tierra-del-fuego\/sociedad\/eventos\/2024\/08\/12\/realizaron-la-tradicional-bajada-de-antorchas-en-el-cerro-martial\/#primaryimage"},"thumbnailUrl":"https:\/\/radioactual.com.ar\/tierra-del-fuego\/wp-content\/uploads\/sites\/7\/2024\/08\/bajada_antorchas_martial_base.jpg","datePublished":"2024-08-12T13:56:40+00:00","dateModified":"2024-08-12T14:20:08+00:00","breadcrumb":{"@id":"https:\/\/radioactual.com.ar\/tierra-del-fuego\/sociedad\/eventos\/2024\/08\/12\/realizaron-la-tradicional-bajada-de-antorchas-en-el-cerro-martial\/#breadcrumb"},"inLanguage":"es","potentialAction":[{"@type":"ReadAction","target":["https:\/\/radioactual.com.ar\/tierra-del-fuego\/sociedad\/eventos\/2024\/08\/12\/realizaron-la-tradicional-bajada-de-antorchas-en-el-cerro-martial\/"]}]},{"@type":"ImageObject","inLanguage":"es","@id":"https:\/\/radioactual.com.ar\/tierra-del-fuego\/sociedad\/eventos\/2024\/08\/12\/realizaron-la-tradicional-bajada-de-antorchas-en-el-cerro-martial\/#primaryimage","url":"https:\/\/radioactual.com.ar\/tierra-del-fuego\/wp-content\/uploads\/sites\/7\/2024\/08\/bajada_antorchas_martial_base.jpg","contentUrl":"https:\/\/radioactual.com.ar\/tierra-del-fuego\/wp-content\/uploads\/sites\/7\/2024\/08\/bajada_antorchas_martial_base.jpg","width":1280,"height":852},{"@type":"BreadcrumbList","@id":"https:\/\/radioactual.com.ar\/tierra-del-fuego\/sociedad\/eventos\/2024\/08\/12\/realizaron-la-tradicional-bajada-de-antorchas-en-el-cerro-martial\/#breadcrumb","itemListElement":[{"@type":"ListItem","position":1,"name":"Portada","item":"https:\/\/radioactual.com.ar\/tierra-del-fuego\/"},{"@type":"ListItem","position":2,"name":"Realizaron la tradicional bajada de antorchas en el Cerro Martial"}]},{"@type":"WebSite","@id":"https:\/\/radioactual.com.ar\/tierra-del-fuego\/#website","url":"https:\/\/radioactual.com.ar\/tierra-del-fuego\/","name":"Tierra del Fuego Actual","description":"","publisher":{"@id":"https:\/\/radioactual.com.ar\/tierra-del-fuego\/#organization"},"potentialAction":[{"@type":"SearchAction","target":{"@type":"EntryPoint","urlTemplate":"https:\/\/radioactual.com.ar\/tierra-del-fuego\/?s={search_term_string}"},"query-input":{"@type":"PropertyValueSpecification","valueRequired":true,"valueName":"search_term_string"}}],"inLanguage":"es"},{"@type":"Organization","@id":"https:\/\/radioactual.com.ar\/tierra-del-fuego\/#organization","name":"Tierra del Fuego Actual","url":"https:\/\/radioactual.com.ar\/tierra-del-fuego\/","logo":{"@type":"ImageObject","inLanguage":"es","@id":"https:\/\/radioactual.com.ar\/tierra-del-fuego\/#\/schema\/logo\/image\/","url":"https:\/\/radioactual.com.ar\/tierra-del-fuego\/wp-content\/uploads\/sites\/7\/2024\/09\/banner_ACTUAL_web.png","contentUrl":"https:\/\/radioactual.com.ar\/tierra-del-fuego\/wp-content\/uploads\/sites\/7\/2024\/09\/banner_ACTUAL_web.png","width":2624,"height":670,"caption":"Tierra del Fuego Actual"},"image":{"@id":"https:\/\/radioactual.com.ar\/tierra-del-fuego\/#\/schema\/logo\/image\/"}},{"@type":"Person","@id":"https:\/\/radioactual.com.ar\/tierra-del-fuego\/#\/schema\/person\/d270f6bdee124c5d705d7dd036b92e92","name":"Martin","image":{"@type":"ImageObject","inLanguage":"es","@id":"https:\/\/secure.gravatar.com\/avatar\/64f9895c4b4ec2008fc7278109af8996bfeac3396d0738e44bad6c2bc0943989?s=96&d=mm&r=g","url":"https:\/\/secure.gravatar.com\/avatar\/64f9895c4b4ec2008fc7278109af8996bfeac3396d0738e44bad6c2bc0943989?s=96&d=mm&r=g","contentUrl":"https:\/\/secure.gravatar.com\/avatar\/64f9895c4b4ec2008fc7278109af8996bfeac3396d0738e44bad6c2bc0943989?s=96&d=mm&r=g","caption":"Martin"},"url":"https:\/\/radioactual.com.ar\/tierra-del-fuego\/author\/martinh\/"}]}},"_links":{"self":[{"href":"https:\/\/radioactual.com.ar\/tierra-del-fuego\/wp-json\/wp\/v2\/posts\/41","targetHints":{"allow":["GET"]}}],"collection":[{"href":"https:\/\/radioactual.com.ar\/tierra-del-fuego\/wp-json\/wp\/v2\/posts"}],"about":[{"href":"https:\/\/radioactual.com.ar\/tierra-del-fuego\/wp-json\/wp\/v2\/types\/post"}],"author":[{"embeddable":true,"href":"https:\/\/radioactual.com.ar\/tierra-del-fuego\/wp-json\/wp\/v2\/users\/2"}],"replies":[{"embeddable":true,"href":"https:\/\/radioactual.com.ar\/tierra-del-fuego\/wp-json\/wp\/v2\/comments?post=41"}],"version-history":[{"count":1,"href":"https:\/\/radioactual.com.ar\/tierra-del-fuego\/wp-json\/wp\/v2\/posts\/41\/revisions"}],"predecessor-version":[{"id":45,"href":"https:\/\/radioactual.com.ar\/tierra-del-fuego\/wp-json\/wp\/v2\/posts\/41\/revisions\/45"}],"wp:featuredmedia":[{"embeddable":true,"href":"https:\/\/radioactual.com.ar\/tierra-del-fuego\/wp-json\/wp\/v2\/media\/44"}],"wp:attachment":[{"href":"https:\/\/radioactual.com.ar\/tierra-del-fuego\/wp-json\/wp\/v2\/media?parent=41"}],"wp:term":[{"taxonomy":"category","embeddable":true,"href":"https:\/\/radioactual.com.ar\/tierra-del-fuego\/wp-json\/wp\/v2\/categories?post=41"},{"taxonomy":"post_tag","embeddable":true,"href":"https:\/\/radioactual.com.ar\/tierra-del-fuego\/wp-json\/wp\/v2\/tags?post=41"}],"curies":[{"name":"wp","href":"https:\/\/api.w.org\/{rel}","templated":true}]}}